{"id":537,"date":"2025-12-18T07:49:24","date_gmt":"2025-12-18T12:49:24","guid":{"rendered":"https:\/\/ucocpanama.org\/?p=537"},"modified":"2025-12-18T07:49:27","modified_gmt":"2025-12-18T12:49:27","slug":"mmp-expresa-solidaridad-internacional-con-ucoc-en-defensa-de-la-negociacion-colectiva","status":"publish","type":"post","link":"https:\/\/ucocpanama.org\/index.php\/2025\/12\/18\/mmp-expresa-solidaridad-internacional-con-ucoc-en-defensa-de-la-negociacion-colectiva\/","title":{"rendered":"MM&amp;P expresa solidaridad internacional con UCOC en defensa de la negociaci\u00f3n colectiva"},"content":{"rendered":"\n<p>La <strong>International Organization of Masters, Mates &amp; Pilots (MM&amp;P), AFL-CIO<\/strong>, una de las principales organizaciones sindicales mar\u00edtimas a nivel internacional, expres\u00f3 su <strong>plena e inquebrantable solidaridad con la Uni\u00f3n de Capitanes y Oficiales de Cubierta (UCOC)<\/strong> y sus miembros, en el marco de la lucha por el respeto a la <strong>negociaci\u00f3n colectiva y los derechos laborales en el Canal de Panam\u00e1<\/strong>.<\/p>\n\n\n\n<p>En una comunicaci\u00f3n oficial dirigida a UCOC, MM&amp;P agradeci\u00f3 la invitaci\u00f3n a participar en la Asamblea de diciembre y reafirm\u00f3 su respaldo a las trabajadoras y trabajadores del Canal, destacando el <strong>alto profesionalismo, compromiso y dedicaci\u00f3n<\/strong> con que desempe\u00f1an sus funciones, garantizando una operaci\u00f3n segura y eficiente de esta v\u00eda interoce\u00e1nica estrat\u00e9gica para el comercio mundial.<\/p>\n\n\n\n<p>La organizaci\u00f3n sindical internacional subray\u00f3 que la <strong>negociaci\u00f3n colectiva es un pilar fundamental del movimiento obrero<\/strong>, indispensable para construir entornos laborales seguros, productivos y justos. No obstante, denunci\u00f3 que la <strong>Autoridad del Canal de Panam\u00e1 (ACP)<\/strong>, aparentemente con la aprobaci\u00f3n t\u00e1cita del <strong>Gobierno paname\u00f1o<\/strong>, <strong>desconoce derechos laborales reconocidos internacionalmente<\/strong> y evade sus obligaciones legales en esta materia.<\/p>\n\n\n\n<figure class=\"wp-block-image size-large\"><img loading=\"lazy\" decoding=\"async\" width=\"791\" height=\"1024\" src=\"https:\/\/ucocpanama.org\/wp-content\/uploads\/2025\/12\/WhatsApp-Image-2025-12-17-at-9.47.21-PM-791x1024.jpeg\" alt=\"\" class=\"wp-image-538\" srcset=\"https:\/\/ucocpanama.org\/wp-content\/uploads\/2025\/12\/WhatsApp-Image-2025-12-17-at-9.47.21-PM-791x1024.jpeg 791w, https:\/\/ucocpanama.org\/wp-content\/uploads\/2025\/12\/WhatsApp-Image-2025-12-17-at-9.47.21-PM-232x300.jpeg 232w, https:\/\/ucocpanama.org\/wp-content\/uploads\/2025\/12\/WhatsApp-Image-2025-12-17-at-9.47.21-PM-768x994.jpeg 768w, https:\/\/ucocpanama.org\/wp-content\/uploads\/2025\/12\/WhatsApp-Image-2025-12-17-at-9.47.21-PM.jpeg 989w\" sizes=\"auto, (max-width: 791px) 100vw, 791px\" \/><\/figure>\n\n\n\n<p>MM&amp;P se\u00f1al\u00f3 como especialmente grave la <strong>extensi\u00f3n unilateral del proceso de negociaci\u00f3n colectiva<\/strong> y el intento de <strong>recuperar salarios previamente pagados<\/strong>, acciones que, a su juicio, evidencian <strong>mala fe<\/strong> y un objetivo claro de <strong>debilitar o eliminar la representaci\u00f3n sindical leg\u00edtima de UCOC<\/strong>.<\/p>\n\n\n\n<p>Asimismo, la organizaci\u00f3n inform\u00f3 que, en coordinaci\u00f3n con la <strong>Federaci\u00f3n Internacional de los Trabajadores del Transporte (ITF)<\/strong>, el <strong>Departamento de Transporte del AFL-CIO<\/strong> y aliados en el <strong>Congreso de los Estados Unidos<\/strong>, continuar\u00e1 impulsando acciones de <strong>solidaridad y apoyo internacional<\/strong> para enfrentar estos ataques contra los derechos laborales.<\/p>\n\n\n\n<p>Finalmente, MM&amp;P se sum\u00f3 al llamado de las y los trabajadores del Canal de Panam\u00e1 \u2014capitanes de remolcadores, tripulaciones, amarradores y personal de mantenimiento\u2014 en defensa de la <strong>justicia laboral y condiciones de trabajo seguras<\/strong>, reiterando que seguir\u00e1 gestionando respaldo en <strong>foros nacionales e internacionales<\/strong> para defender a UCOC como <strong>representante leg\u00edtimo y democr\u00e1ticamente electo<\/strong> de sus miembros.<\/p>\n\n\n\n<p><\/p>\n","protected":false},"excerpt":{"rendered":"<p>La International Organization of Masters, Mates &amp; Pilots (MM&amp;P), AFL-CIO, una de las principales organizaciones sindicales mar\u00edtimas a nivel internacional, expres\u00f3 su plena e inquebrantable &hellip; <\/p>\n","protected":false},"author":1,"featured_media":0,"comment_status":"closed","ping_status":"closed","sticky":false,"template":"","format":"standard","meta":{"ngg_post_thumbnail":0,"footnotes":""},"categories":[3],"tags":[],"class_list":["post-537","post","type-post","status-publish","format-standard","hentry","category-noticias"],"_links":{"self":[{"href":"https:\/\/ucocpanama.org\/index.php\/wp-json\/wp\/v2\/posts\/537","targetHints":{"allow":["GET"]}}],"collection":[{"href":"https:\/\/ucocpanama.org\/index.php\/wp-json\/wp\/v2\/posts"}],"about":[{"href":"https:\/\/ucocpanama.org\/index.php\/wp-json\/wp\/v2\/types\/post"}],"author":[{"embeddable":true,"href":"https:\/\/ucocpanama.org\/index.php\/wp-json\/wp\/v2\/users\/1"}],"replies":[{"embeddable":true,"href":"https:\/\/ucocpanama.org\/index.php\/wp-json\/wp\/v2\/comments?post=537"}],"version-history":[{"count":1,"href":"https:\/\/ucocpanama.org\/index.php\/wp-json\/wp\/v2\/posts\/537\/revisions"}],"predecessor-version":[{"id":539,"href":"https:\/\/ucocpanama.org\/index.php\/wp-json\/wp\/v2\/posts\/537\/revisions\/539"}],"wp:attachment":[{"href":"https:\/\/ucocpanama.org\/index.php\/wp-json\/wp\/v2\/media?parent=537"}],"wp:term":[{"taxonomy":"category","embeddable":true,"href":"https:\/\/ucocpanama.org\/index.php\/wp-json\/wp\/v2\/categories?post=537"},{"taxonomy":"post_tag","embeddable":true,"href":"https:\/\/ucocpanama.org\/index.php\/wp-json\/wp\/v2\/tags?post=537"}],"curies":[{"name":"wp","href":"https:\/\/api.w.org\/{rel}","templated":true}]}}