{"id":506,"date":"2025-11-23T21:23:28","date_gmt":"2025-11-24T02:23:28","guid":{"rendered":"https:\/\/ucocpanama.org\/?p=506"},"modified":"2025-11-25T08:31:24","modified_gmt":"2025-11-25T13:31:24","slug":"ucoc-participa-activamente-en-el-viii-congreso-de-la-conusi-reafirmando-su-compromiso-con-los-derechos-sindicales","status":"publish","type":"post","link":"https:\/\/ucocpanama.org\/index.php\/2025\/11\/23\/ucoc-participa-activamente-en-el-viii-congreso-de-la-conusi-reafirmando-su-compromiso-con-los-derechos-sindicales\/","title":{"rendered":"UCOC participa activamente en el VIII Congreso de la CONUSI reafirmando su compromiso con los derechos sindicales."},"content":{"rendered":"\n<p>La Uni\u00f3n de Capitanes y Oficiales de Cubierta (UCOC) estuvo presente en el VIII Congreso Ordinario de la Confederaci\u00f3n Nacional de Unidad Sindical Independiente (CONUSI), celebrado los d\u00edas 21 y 22 de noviembre de 2025 en Panam\u00e1. <\/p>\n\n\n\n<figure class=\"wp-block-gallery has-nested-images columns-default is-cropped wp-block-gallery-1 is-layout-flex wp-block-gallery-is-layout-flex\">\n<figure class=\"wp-block-image size-large\"><img loading=\"lazy\" decoding=\"async\" width=\"1024\" height=\"576\" data-id=\"511\" src=\"https:\/\/ucocpanama.org\/wp-content\/uploads\/2025\/11\/WhatsApp-Image-2025-11-22-at-2.52.48-PM-1-1024x576.jpeg\" alt=\"\" class=\"wp-image-511\" srcset=\"https:\/\/ucocpanama.org\/wp-content\/uploads\/2025\/11\/WhatsApp-Image-2025-11-22-at-2.52.48-PM-1-1024x576.jpeg 1024w, https:\/\/ucocpanama.org\/wp-content\/uploads\/2025\/11\/WhatsApp-Image-2025-11-22-at-2.52.48-PM-1-300x169.jpeg 300w, https:\/\/ucocpanama.org\/wp-content\/uploads\/2025\/11\/WhatsApp-Image-2025-11-22-at-2.52.48-PM-1-768x432.jpeg 768w, https:\/\/ucocpanama.org\/wp-content\/uploads\/2025\/11\/WhatsApp-Image-2025-11-22-at-2.52.48-PM-1.jpeg 1280w\" sizes=\"auto, (max-width: 1024px) 100vw, 1024px\" \/><\/figure>\n<\/figure>\n\n\n\n<p>Durante este importante evento sindical, los representantes de la UCOC se unieron a delegados de m\u00faltiples sectores laborales de todo el pa\u00eds para debatir y consolidar estrategias conjuntas que fortalezcan la negociaci\u00f3n colectiva, la libertad sindical y la justicia laboral en Panam\u00e1. Como se\u00f1al\u00f3 el secretario general de la CONUSI, \u201cla unidad sindical es m\u00e1s que una estrategia, es una necesidad para defender los derechos frente a pol\u00edticas hostiles\u201d. <\/p>\n\n\n\n<h3 class=\"wp-block-heading\">Temas centrales del congreso<\/h3>\n\n\n\n<ul class=\"wp-block-list\">\n<li>La CONUSI convoc\u00f3 al VIII Congreso en un contexto de desaf\u00edos para las organizaciones de trabajadores, donde temas como la informalidad laboral, el debate del salario m\u00ednimo, y las reformas legales cobraban particular relevancia. <\/li>\n\n\n\n<li>Escogencia de nueva Junta Directiva.<\/li>\n\n\n\n<li>Una de las jornadas destacadas estuvo dedicada a reafirmar que los trabajadores deben contar con <strong>espacios de negociaci\u00f3n aut\u00e9ntica<\/strong>, protecci\u00f3n ante represalias y mecanismos que garanticen sus derechos sindicales.<\/li>\n\n\n\n<li>La UCOC aprovech\u00f3 su participaci\u00f3n para elevar la voz de los capitanes y oficiales de cubierta del Canal de Panam\u00e1, articulando sus demandas con la agenda nacional sindical m\u00e1s amplia: trabajo digno, seguridad laboral, respeto al convenio colectivo y la defensa de la libertad de organizaci\u00f3n.<\/li>\n<\/ul>\n\n\n\n<h3 class=\"wp-block-heading\">Declaraci\u00f3n de la UCOC<\/h3>\n\n\n\n<p>En el marco del congreso, la UCOC declar\u00f3 por medio del Capit\u00e1n Alberto Osorio, parte de la Junta Directiva. <\/p>\n\n\n\n<blockquote class=\"wp-block-quote is-layout-flow wp-block-quote-is-layout-flow\">\n<p>\u201cEstar presentes en este congreso reafirma que nuestra lucha es parte de la lucha colectiva de los trabajadores paname\u00f1os. No estamos solos y cada voz cuenta.\u201d<\/p>\n\n\n\n<p><\/p>\n<\/blockquote>\n\n\n\n<figure class=\"wp-block-embed is-type-rich is-provider-twitter wp-block-embed-twitter\"><div class=\"wp-block-embed__wrapper\">\n<blockquote class=\"twitter-tweet\" data-width=\"550\" data-dnt=\"true\"><p lang=\"es\" dir=\"ltr\">El capitan @osalb65  en congreso <a href=\"https:\/\/twitter.com\/conusi?ref_src=twsrc%5Etfw\" target=\"_blank\" rel=\"noopener\">@conusi<\/a> denuncia a <a href=\"https:\/\/twitter.com\/hashtag\/Panama?src=hash&amp;ref_src=twsrc%5Etfw\" target=\"_blank\" rel=\"noopener\">#Panama<\/a> las violaciones que la adm\/jd <a href=\"https:\/\/twitter.com\/canaldepanama?ref_src=twsrc%5Etfw\" target=\"_blank\" rel=\"noopener\">@canaldepanama<\/a> <a href=\"https:\/\/twitter.com\/jricazac?ref_src=twsrc%5Etfw\" target=\"_blank\" rel=\"noopener\">@jricazac<\/a> cometen contra nuestros derechos humanos y laborales. El p\u00fablico desconoce la verdadera identidad de los que administran este pa\u00eds aut\u00f3nomo e interno <a href=\"https:\/\/twitter.com\/hashtag\/CanalDePanama?src=hash&amp;ref_src=twsrc%5Etfw\" target=\"_blank\" rel=\"noopener\">#CanalDePanama<\/a> <a href=\"https:\/\/t.co\/7ldY1M2JdG\">pic.twitter.com\/7ldY1M2JdG<\/a><\/p>&mdash; UCOCPTY (@UCOCPTY) <a href=\"https:\/\/twitter.com\/UCOCPTY\/status\/1992707338399338988?ref_src=twsrc%5Etfw\" target=\"_blank\" rel=\"noopener\">November 23, 2025<\/a><\/blockquote><script async src=\"https:\/\/platform.twitter.com\/widgets.js\" charset=\"utf-8\"><\/script>\n<\/div><\/figure>\n\n\n\n<h3 class=\"wp-block-heading\">Importancia de la participaci\u00f3n<\/h3>\n\n\n\n<p>La presencia de la UCOC en el VIII Congreso de la CONUSI tiene m\u00faltiples implicaciones:<\/p>\n\n\n\n<ul class=\"wp-block-list\">\n<li><strong>Legitimaci\u00f3n:<\/strong> Muestra que el gremio se integra a una plataforma m\u00e1s amplia del movimiento laboral nacional, lo que refuerza su posici\u00f3n frente a las autoridades y frente a su propia base afiliada.<\/li>\n\n\n\n<li><strong>Visibilidad:<\/strong> A trav\u00e9s del congreso se visibilizan los retos que enfrenta la UCOC (y por extensi\u00f3n otros sectores organizados) dentro de un escenario m\u00e1s amplio de derechos laborales en Panam\u00e1.<\/li>\n\n\n\n<li><strong>Colaboraci\u00f3n:<\/strong> Facilita que la UCOC establezca v\u00ednculos con otras organizaciones para acciones conjuntas, intercambios de experiencia y fortalecimiento mutuo.<\/li>\n\n\n\n<li><strong>Agenda estrat\u00e9gica:<\/strong> Permite que los temas espec\u00edficos del sector mar\u00edtimo\/remolque\/canal de Panam\u00e1 tengan un espacio en discusiones que hasta ahora muchas veces se centran en otros sectores tradicionales, ampliando as\u00ed el alcance de la acci\u00f3n sindical.<\/li>\n<\/ul>\n\n\n\n<h3 class=\"wp-block-heading\">Invitaci\u00f3n<\/h3>\n\n\n\n<p>La UCOC extiende una invitaci\u00f3n a sus afiliados y a todos los trabajadores del sector mar\u00edtimo y portuario a mantenerse informados sobre los resultados del congreso, participar en las actividades conjuntas que se deriven, y fortalecer la unidad en la defensa de los derechos laborales. En los pr\u00f3ximos d\u00edas, la UCOC comunicar\u00e1 los acuerdos alcanzados y las acciones concretas que emanen del VIII Congreso de la CONUSI.<\/p>\n\n\n\n<figure class=\"wp-block-gallery has-nested-images columns-default is-cropped wp-block-gallery-2 is-layout-flex wp-block-gallery-is-layout-flex\">\n<figure class=\"wp-block-image size-large\"><img loading=\"lazy\" decoding=\"async\" width=\"1024\" height=\"575\" data-id=\"507\" src=\"https:\/\/ucocpanama.org\/wp-content\/uploads\/2025\/11\/WhatsApp-Image-2025-11-22-at-2.52.50-PM-1-1024x575.jpeg\" alt=\"\" class=\"wp-image-507\" srcset=\"https:\/\/ucocpanama.org\/wp-content\/uploads\/2025\/11\/WhatsApp-Image-2025-11-22-at-2.52.50-PM-1-1024x575.jpeg 1024w, https:\/\/ucocpanama.org\/wp-content\/uploads\/2025\/11\/WhatsApp-Image-2025-11-22-at-2.52.50-PM-1-300x169.jpeg 300w, https:\/\/ucocpanama.org\/wp-content\/uploads\/2025\/11\/WhatsApp-Image-2025-11-22-at-2.52.50-PM-1-768x431.jpeg 768w, https:\/\/ucocpanama.org\/wp-content\/uploads\/2025\/11\/WhatsApp-Image-2025-11-22-at-2.52.50-PM-1.jpeg 1280w\" sizes=\"auto, (max-width: 1024px) 100vw, 1024px\" \/><\/figure>\n\n\n\n<figure class=\"wp-block-image size-large\"><img loading=\"lazy\" decoding=\"async\" width=\"1024\" height=\"575\" data-id=\"509\" src=\"https:\/\/ucocpanama.org\/wp-content\/uploads\/2025\/11\/WhatsApp-Image-2025-11-22-at-2.52.50-PM-1024x575.jpeg\" alt=\"\" class=\"wp-image-509\" srcset=\"https:\/\/ucocpanama.org\/wp-content\/uploads\/2025\/11\/WhatsApp-Image-2025-11-22-at-2.52.50-PM-1024x575.jpeg 1024w, https:\/\/ucocpanama.org\/wp-content\/uploads\/2025\/11\/WhatsApp-Image-2025-11-22-at-2.52.50-PM-300x169.jpeg 300w, https:\/\/ucocpanama.org\/wp-content\/uploads\/2025\/11\/WhatsApp-Image-2025-11-22-at-2.52.50-PM-768x431.jpeg 768w, https:\/\/ucocpanama.org\/wp-content\/uploads\/2025\/11\/WhatsApp-Image-2025-11-22-at-2.52.50-PM.jpeg 1280w\" sizes=\"auto, (max-width: 1024px) 100vw, 1024px\" \/><\/figure>\n\n\n\n<figure class=\"wp-block-image size-large\"><img loading=\"lazy\" decoding=\"async\" width=\"1024\" height=\"576\" data-id=\"510\" src=\"https:\/\/ucocpanama.org\/wp-content\/uploads\/2025\/11\/WhatsApp-Image-2025-11-22-at-2.52.48-PM-1024x576.jpeg\" alt=\"\" class=\"wp-image-510\" srcset=\"https:\/\/ucocpanama.org\/wp-content\/uploads\/2025\/11\/WhatsApp-Image-2025-11-22-at-2.52.48-PM-1024x576.jpeg 1024w, https:\/\/ucocpanama.org\/wp-content\/uploads\/2025\/11\/WhatsApp-Image-2025-11-22-at-2.52.48-PM-300x169.jpeg 300w, https:\/\/ucocpanama.org\/wp-content\/uploads\/2025\/11\/WhatsApp-Image-2025-11-22-at-2.52.48-PM-768x432.jpeg 768w, https:\/\/ucocpanama.org\/wp-content\/uploads\/2025\/11\/WhatsApp-Image-2025-11-22-at-2.52.48-PM.jpeg 1280w\" sizes=\"auto, (max-width: 1024px) 100vw, 1024px\" \/><\/figure>\n\n\n\n<figure class=\"wp-block-image size-large\"><img loading=\"lazy\" decoding=\"async\" width=\"1024\" height=\"576\" data-id=\"508\" src=\"https:\/\/ucocpanama.org\/wp-content\/uploads\/2025\/11\/WhatsApp-Image-2025-11-22-at-2.52.47-PM-1024x576.jpeg\" alt=\"\" class=\"wp-image-508\" srcset=\"https:\/\/ucocpanama.org\/wp-content\/uploads\/2025\/11\/WhatsApp-Image-2025-11-22-at-2.52.47-PM-1024x576.jpeg 1024w, https:\/\/ucocpanama.org\/wp-content\/uploads\/2025\/11\/WhatsApp-Image-2025-11-22-at-2.52.47-PM-300x169.jpeg 300w, https:\/\/ucocpanama.org\/wp-content\/uploads\/2025\/11\/WhatsApp-Image-2025-11-22-at-2.52.47-PM-768x432.jpeg 768w, https:\/\/ucocpanama.org\/wp-content\/uploads\/2025\/11\/WhatsApp-Image-2025-11-22-at-2.52.47-PM.jpeg 1280w\" sizes=\"auto, (max-width: 1024px) 100vw, 1024px\" \/><\/figure>\n<\/figure>\n","protected":false},"excerpt":{"rendered":"<p>La Uni\u00f3n de Capitanes y Oficiales de Cubierta (UCOC) estuvo presente en el VIII Congreso Ordinario de la Confederaci\u00f3n Nacional de Unidad Sindical Independiente (CONUSI), &hellip; <\/p>\n","protected":false},"author":1,"featured_media":511,"comment_status":"closed","ping_status":"closed","sticky":false,"template":"","format":"standard","meta":{"ngg_post_thumbnail":0,"footnotes":""},"categories":[3,1],"tags":[],"class_list":["post-506","post","type-post","status-publish","format-standard","has-post-thumbnail","hentry","category-noticias","category-sin-categoria"],"_links":{"self":[{"href":"https:\/\/ucocpanama.org\/index.php\/wp-json\/wp\/v2\/posts\/506","targetHints":{"allow":["GET"]}}],"collection":[{"href":"https:\/\/ucocpanama.org\/index.php\/wp-json\/wp\/v2\/posts"}],"about":[{"href":"https:\/\/ucocpanama.org\/index.php\/wp-json\/wp\/v2\/types\/post"}],"author":[{"embeddable":true,"href":"https:\/\/ucocpanama.org\/index.php\/wp-json\/wp\/v2\/users\/1"}],"replies":[{"embeddable":true,"href":"https:\/\/ucocpanama.org\/index.php\/wp-json\/wp\/v2\/comments?post=506"}],"version-history":[{"count":2,"href":"https:\/\/ucocpanama.org\/index.php\/wp-json\/wp\/v2\/posts\/506\/revisions"}],"predecessor-version":[{"id":517,"href":"https:\/\/ucocpanama.org\/index.php\/wp-json\/wp\/v2\/posts\/506\/revisions\/517"}],"wp:featuredmedia":[{"embeddable":true,"href":"https:\/\/ucocpanama.org\/index.php\/wp-json\/wp\/v2\/media\/511"}],"wp:attachment":[{"href":"https:\/\/ucocpanama.org\/index.php\/wp-json\/wp\/v2\/media?parent=506"}],"wp:term":[{"taxonomy":"category","embeddable":true,"href":"https:\/\/ucocpanama.org\/index.php\/wp-json\/wp\/v2\/categories?post=506"},{"taxonomy":"post_tag","embeddable":true,"href":"https:\/\/ucocpanama.org\/index.php\/wp-json\/wp\/v2\/tags?post=506"}],"curies":[{"name":"wp","href":"https:\/\/api.w.org\/{rel}","templated":true}]}}